{"id":6946,"date":"2026-02-09T15:49:04","date_gmt":"2026-02-09T15:49:04","guid":{"rendered":"https:\/\/lapalmastars.com\/?p=6946"},"modified":"2026-02-09T15:49:04","modified_gmt":"2026-02-09T15:49:04","slug":"artemisii-und-die-rueckkehr-zum-mond","status":"publish","type":"post","link":"https:\/\/lapalmastars.com\/de\/artemisii-und-die-rueckkehr-zum-mond\/","title":{"rendered":"Artemis II und die R\u00fcckkehr zum Mond: Wenn die Raumfahrt wieder inspiriert"},"content":{"rendered":"<h1>Artemis II und die R\u00fcckkehr zum Mond: Wenn die Raumfahrt wieder inspiriert<\/h1>\n<p data-start=\"229\" data-end=\"741\">Artemis II und die R\u00fcckkehr zum Mond markieren nach mehr als 50 Jahren einen neuen Meilenstein in der Raumfahrt. Die Menschheit bereitet sich darauf vor, erneut zum Mond zu reisen \u2013 nicht als nostalgische Mission, sondern als Beginn einer neuen Phase der Erforschung des Weltraums. Artemis II wird der erste bemannte Flug um den Mond seit 1972 sein und ist Teil des ehrgeizigen Artemis-Programms, das von der NASA in Zusammenarbeit mit der ESA und weiteren internationalen Raumfahrtagenturen geleitet wird.<\/p>\n<p data-start=\"748\" data-end=\"939\">Von privilegierten Orten zur Himmelsbeobachtung wie La Palma \u2013 wo Astronomie zum Landschaftsbild und zum Alltag geh\u00f6rt \u2013 wird diese R\u00fcckkehr zum Mond mit besonderer Begeisterung verfolgt.<\/p>\n<hr \/>\n<h2>Was ist das Artemis-Programm?<\/h2>\n<p>Das Artemis-Programm ist das gro\u00dfe internationale Projekt, das die Zukunft der bemannten Raumfahrt pr\u00e4gen wird. Seine wichtigsten Ziele sind:<\/p>\n<ul>\n<li>Astronautinnen und Astronauten zur\u00fcck zum Mond zu bringen<\/li>\n<li>Eine nachhaltige menschliche Pr\u00e4senz auf der Mondoberfl\u00e4che aufzubauen<\/li>\n<li>Den Weg f\u00fcr zuk\u00fcnftige bemannte Missionen zum Mars zu ebnen<\/li>\n<\/ul>\n<p>Im Gegensatz zum Apollo-Programm geht es bei Artemis nicht darum, einfach \u201ehinzufliegen und zur\u00fcckzukehren\u201c, sondern darum, zu lernen, wie Menschen au\u00dferhalb der Erde leben und arbeiten k\u00f6nnen \u2013 durch die Verbindung von Wissenschaft, Technologie und internationaler Zusammenarbeit.<\/p>\n<h3><img decoding=\"async\" class=\"alignnone  wp-image-6950\" src=\"https:\/\/lapalmastars.com\/wp-content\/uploads\/2026\/02\/artemis-ii-rocket-289x300.jpg\" alt=\"\" width=\"360\" height=\"374\" srcset=\"https:\/\/lapalmastars.com\/wp-content\/uploads\/2026\/02\/artemis-ii-rocket-289x300.jpg 289w, https:\/\/lapalmastars.com\/wp-content\/uploads\/2026\/02\/artemis-ii-rocket-985x1024.jpg 985w, https:\/\/lapalmastars.com\/wp-content\/uploads\/2026\/02\/artemis-ii-rocket-768x798.jpg 768w, https:\/\/lapalmastars.com\/wp-content\/uploads\/2026\/02\/artemis-ii-rocket-600x624.jpg 600w, https:\/\/lapalmastars.com\/wp-content\/uploads\/2026\/02\/artemis-ii-rocket.jpg 1418w\" sizes=\"(max-width: 360px) 100vw, 360px\" \/><\/h3>\n<h3><\/h3>\n<h3>Offizielle Informationen zum Artemis-Programm<\/h3>\n<ul>\n<li>NASA \u2013 Artemis-Programm:<br \/>\n<a href=\"https:\/\/www.nasa.gov\/artemis\">https:\/\/www.nasa.gov\/artemis<\/a><\/li>\n<li>ESA \u2013 Europ\u00e4ische Beteiligung an Artemis:<br \/>\n<a href=\"https:\/\/www.esa.int\/Science_Exploration\/Human_and_Robotic_Exploration\/Exploration\/Artemis\">https:\/\/www.esa.int\/Science_Exploration\/Human_and_Robotic_Exploration\/Exploration\/Artemis<\/a><\/li>\n<\/ul>\n<hr \/>\n<h2>Artemis II: Was genau wird diese Mission tun?<\/h2>\n<p>Artemis II wird eine <strong>bemannte Mission<\/strong> sein, jedoch ohne Landung auf dem Mond. Ihr Zweck ist es, alle Systeme mit Menschen an Bord zu testen, bevor der n\u00e4chste Schritt folgt.<\/p>\n<h3>Flugverlauf der Artemis-II-Mission<\/h3>\n<ul>\n<li>Start von der Erde mit der Tr\u00e4gerrakete Space Launch System (SLS)<\/li>\n<li>Flug in einer Erdumlaufbahn<\/li>\n<li>Reise zum Mond und Umrundung des Mondes (Flyby)<\/li>\n<li>Sichere R\u00fcckkehr zur Erde nach etwa zehn Tagen<\/li>\n<\/ul>\n<p>W\u00e4hrend der Mission \u00fcberpr\u00fcfen die Astronautinnen und Astronauten das Orion-Raumschiff, die Kommunikation im tiefen Weltraum sowie die notwendigen Man\u00f6ver f\u00fcr zuk\u00fcnftige Mondmissionen.<\/p>\n<h3>Offizielle technische Details zu Artemis II<\/h3>\n<ul>\n<li>NASA \u2013 Artemis-II-Mission:<br \/>\n<a href=\"https:\/\/www.nasa.gov\/artemis-ii\">https:\/\/www.nasa.gov\/artemis-ii<\/a><\/li>\n<\/ul>\n<hr \/>\n<h2>Die Astronauten von Artemis II<\/h2>\n<p>Die Besatzung besteht aus vier Astronauten und steht f\u00fcr internationale Zusammenarbeit:<\/p>\n<h3>Reid Wiseman \u2013 Kommandant<\/h3>\n<p>Luft- und Raumfahrtingenieur sowie Astronaut mit Erfahrung an Bord der Internationalen Raumstation.<\/p>\n<h3>Victor Glover \u2013 Pilot<\/h3>\n<p>Astronaut und Testpilot; er wird der erste Afroamerikaner sein, der in Richtung Mond fliegt.<\/p>\n<h3>Christina Koch \u2013 Missionsspezialistin<\/h3>\n<p>Bekannt durch ihren fast einj\u00e4hrigen Aufenthalt im All, z\u00e4hlt sie zu den einflussreichsten Pers\u00f6nlichkeiten der wissenschaftlichen \u00d6ffentlichkeitsarbeit.<\/p>\n<h3>Jeremy Hansen \u2013 Missionsspezialist<\/h3>\n<p>Der erste kanadische Astronaut, der einer Mondmission zugeteilt wurde.<\/p>\n<p>Sie werden die ersten Menschen seit \u00fcber einem halben Jahrhundert sein, die den Mond aus so geringer Entfernung sehen.<\/p>\n<p>&nbsp;<\/p>\n<p><img decoding=\"async\" class=\"alignnone size-medium wp-image-6956\" src=\"https:\/\/lapalmastars.com\/wp-content\/uploads\/2026\/02\/tripulacion-artemis-ii-300x214.jpg\" alt=\"\" width=\"300\" height=\"214\" srcset=\"https:\/\/lapalmastars.com\/wp-content\/uploads\/2026\/02\/tripulacion-artemis-ii-300x214.jpg 300w, https:\/\/lapalmastars.com\/wp-content\/uploads\/2026\/02\/tripulacion-artemis-ii-1024x731.jpg 1024w, https:\/\/lapalmastars.com\/wp-content\/uploads\/2026\/02\/tripulacion-artemis-ii-768x548.jpg 768w, https:\/\/lapalmastars.com\/wp-content\/uploads\/2026\/02\/tripulacion-artemis-ii-600x429.jpg 600w, https:\/\/lapalmastars.com\/wp-content\/uploads\/2026\/02\/tripulacion-artemis-ii.jpg 1452w\" sizes=\"(max-width: 300px) 100vw, 300px\" \/><\/p>\n<hr \/>\n<h2>Der Mond, die Astronomie und La Palma<\/h2>\n<p>Die Erforschung des Mondes ist eng mit Disziplinen wie <strong>Astronomie und Astrophysik<\/strong> verbunden, die jede Nacht von La Palma aus betrieben werden. Das <strong>Observatorium Roque de los Muchachos<\/strong> z\u00e4hlt dank der au\u00dfergew\u00f6hnlichen Qualit\u00e4t des Nachthimmels zu den bedeutendsten astronomischen Forschungszentren der Welt.<\/p>\n<p>Von hier aus werden unter anderem untersucht:<\/p>\n<ul>\n<li>Der Ursprung von Galaxien und Sternen<\/li>\n<li>Exoplaneten<\/li>\n<li>Die Entwicklung des Universums<\/li>\n<\/ul>\n<p>Die Artemis-Missionen verfolgen \u00e4hnliche Fragestellungen, jedoch durch direkte Reisen ins All. Deshalb verbindet Astrotourismus Wissenschaft, Emotion und Wissen: <strong>Der Blick zum Himmel ist der erste Schritt zur Erforschung des Universums<\/strong>.<\/p>\n<hr \/>\n<h2>Astronomie-Nachrichten, die die Zukunft pr\u00e4gen<\/h2>\n<p>Artemis II ist mehr als nur eine Raumfahrtmission. Sie steht f\u00fcr internationale Zusammenarbeit, Wissenschaft und Entdeckergeist. W\u00e4hrend die Astronauten den Mond umkreisen, beobachten wir den Himmel weiterhin von La Palma aus \u2013 und verbinden wissenschaftlichen Tourismus, Wissensvermittlung und einzigartige astronomische Erlebnisse.<\/p>\n<p>Aktuelle Astronomie-Nachrichten erinnern uns daran, dass das Universum nicht fern ist, sondern Teil unserer Vergangenheit, unserer Gegenwart und unserer Zukunft.<\/p>\n<hr \/>\n<h2> La Palma: Wo Raumfahrt mit dem Blick in den Himmel beginnt<\/h2>\n<blockquote data-start=\"144\" data-end=\"490\">\n<p data-start=\"146\" data-end=\"490\">Unter einem der besten Nachthimmel der Welt erm\u00f6glicht Astrotourismus auf La Palma, Astronomie auf eine nahe, verst\u00e4ndliche und inspirierende Weise zu erleben \u2013 zum Beispiel mit <a href=\"http:\/\/LaPalmaStars.com\">LaPalmaStars.com<\/a>. Missionen wie Artemis II unterstreichen, wie wichtig der Schutz dunkler Himmel und die Vermittlung von Wissenschaft f\u00fcr alle Altersgruppen sind.<\/p>\n<\/blockquote>\n<p data-start=\"492\" data-end=\"510\">\n<\/p>","protected":false},"excerpt":{"rendered":"<p>Artemis II und die R\u00fcckkehr zum Mond: Wenn die Raumfahrt wieder inspiriert Artemis II und die R\u00fcckkehr zum Mond markieren nach mehr als 50 Jahren einen neuen Meilenstein in der Raumfahrt. Die Menschheit bereitet sich<\/p>\n<div class=\"padding-top text-center\"><a href=\"https:\/\/lapalmastars.com\/de\/artemisii-und-die-rueckkehr-zum-mond\/\" class=\"atbtn atbtn--medium atbtn--rounded atbtn--transparent\">leer m\u00e1s<i class=\"atbtn__icon atbtn__icon--right fa fa-long-arrow-right\"><\/i><\/a><\/div>\n","protected":false},"author":4,"featured_media":6947,"comment_status":"closed","ping_status":"open","sticky":false,"template":"","format":"standard","meta":{"footnotes":""},"categories":[292],"tags":[],"class_list":["post-6946","post","type-post","status-publish","format-standard","has-post-thumbnail","hentry","category-neuigkeiten"],"yoast_head":"<!-- This site is optimized with the Yoast SEO Premium plugin v25.4 (Yoast SEO v26.6) - https:\/\/yoast.com\/wordpress\/plugins\/seo\/ -->\n<title>Artemis II und die R\u00fcckkehr zum Mond: Wenn die Raumfahrt wieder inspiriert - AstroLaPalma<\/title>\n<meta name=\"description\" content=\"Artemis II steht f\u00fcr die R\u00fcckkehr zum Mond. Entdecken Sie die Mission, die Astronauten und die Verbindung zu Astronomie\" \/>\n<meta name=\"robots\" content=\"index, follow, max-snippet:-1, max-image-preview:large, max-video-preview:-1\" \/>\n<link rel=\"canonical\" href=\"https:\/\/lapalmastars.com\/de\/artemisii-und-die-rueckkehr-zum-mond\/\" \/>\n<meta property=\"og:locale\" content=\"de_DE\" \/>\n<meta property=\"og:type\" content=\"article\" \/>\n<meta property=\"og:title\" content=\"Artemis II und die R\u00fcckkehr zum Mond: Wenn die Raumfahrt wieder inspiriert\" \/>\n<meta property=\"og:description\" content=\"Artemis II steht f\u00fcr die R\u00fcckkehr zum Mond. Entdecken Sie die Mission, die Astronauten und die Verbindung zu Astronomie\" \/>\n<meta property=\"og:url\" content=\"https:\/\/lapalmastars.com\/de\/artemisii-und-die-rueckkehr-zum-mond\/\" \/>\n<meta property=\"og:site_name\" content=\"AstroLaPalma\" \/>\n<meta property=\"article:publisher\" content=\"https:\/\/www.facebook.com\/AstroLaPalma\/\" \/>\n<meta property=\"article:published_time\" content=\"2026-02-09T15:49:04+00:00\" \/>\n<meta property=\"og:image\" content=\"https:\/\/lapalmastars.com\/wp-content\/uploads\/2026\/02\/artemis-ii-flight.jpg\" \/>\n\t<meta property=\"og:image:width\" content=\"1375\" \/>\n\t<meta property=\"og:image:height\" content=\"775\" \/>\n\t<meta property=\"og:image:type\" content=\"image\/jpeg\" \/>\n<meta name=\"author\" content=\"Astrolapalma\" \/>\n<meta name=\"twitter:card\" content=\"summary_large_image\" \/>\n<meta name=\"twitter:creator\" content=\"@astrolapalma\" \/>\n<meta name=\"twitter:site\" content=\"@astrolapalma\" \/>\n<meta name=\"twitter:label1\" content=\"Verfasst von\" \/>\n\t<meta name=\"twitter:data1\" content=\"Astrolapalma\" \/>\n\t<meta name=\"twitter:label2\" content=\"Gesch\u00e4tzte Lesezeit\" \/>\n\t<meta name=\"twitter:data2\" content=\"4\u00a0Minuten\" \/>\n<script type=\"application\/ld+json\" class=\"yoast-schema-graph\">{\"@context\":\"https:\/\/schema.org\",\"@graph\":[{\"@type\":\"Article\",\"@id\":\"https:\/\/lapalmastars.com\/de\/artemisii-und-die-rueckkehr-zum-mond\/#article\",\"isPartOf\":{\"@id\":\"https:\/\/lapalmastars.com\/de\/artemisii-und-die-rueckkehr-zum-mond\/\"},\"author\":{\"name\":\"Astrolapalma\",\"@id\":\"https:\/\/lapalmastars.com\/#\/schema\/person\/500b32bb5b7ef49ce738dd113050523f\"},\"headline\":\"Artemis II und die R\u00fcckkehr zum Mond: Wenn die Raumfahrt wieder inspiriert\",\"datePublished\":\"2026-02-09T15:49:04+00:00\",\"mainEntityOfPage\":{\"@id\":\"https:\/\/lapalmastars.com\/de\/artemisii-und-die-rueckkehr-zum-mond\/\"},\"wordCount\":703,\"publisher\":{\"@id\":\"https:\/\/lapalmastars.com\/#organization\"},\"image\":{\"@id\":\"https:\/\/lapalmastars.com\/de\/artemisii-und-die-rueckkehr-zum-mond\/#primaryimage\"},\"thumbnailUrl\":\"https:\/\/lapalmastars.com\/wp-content\/uploads\/2026\/02\/artemis-ii-flight.jpg\",\"articleSection\":[\"Neuigkeiten\"],\"inLanguage\":\"de\"},{\"@type\":\"WebPage\",\"@id\":\"https:\/\/lapalmastars.com\/de\/artemisii-und-die-rueckkehr-zum-mond\/\",\"url\":\"https:\/\/lapalmastars.com\/de\/artemisii-und-die-rueckkehr-zum-mond\/\",\"name\":\"Artemis II und die R\u00fcckkehr zum Mond: Wenn die Raumfahrt wieder inspiriert - AstroLaPalma\",\"isPartOf\":{\"@id\":\"https:\/\/lapalmastars.com\/#website\"},\"primaryImageOfPage\":{\"@id\":\"https:\/\/lapalmastars.com\/de\/artemisii-und-die-rueckkehr-zum-mond\/#primaryimage\"},\"image\":{\"@id\":\"https:\/\/lapalmastars.com\/de\/artemisii-und-die-rueckkehr-zum-mond\/#primaryimage\"},\"thumbnailUrl\":\"https:\/\/lapalmastars.com\/wp-content\/uploads\/2026\/02\/artemis-ii-flight.jpg\",\"datePublished\":\"2026-02-09T15:49:04+00:00\",\"description\":\"Artemis II steht f\u00fcr die R\u00fcckkehr zum Mond. Entdecken Sie die Mission, die Astronauten und die Verbindung zu Astronomie\",\"breadcrumb\":{\"@id\":\"https:\/\/lapalmastars.com\/de\/artemisii-und-die-rueckkehr-zum-mond\/#breadcrumb\"},\"inLanguage\":\"de\",\"potentialAction\":[{\"@type\":\"ReadAction\",\"target\":[\"https:\/\/lapalmastars.com\/de\/artemisii-und-die-rueckkehr-zum-mond\/\"]}]},{\"@type\":\"ImageObject\",\"inLanguage\":\"de\",\"@id\":\"https:\/\/lapalmastars.com\/de\/artemisii-und-die-rueckkehr-zum-mond\/#primaryimage\",\"url\":\"https:\/\/lapalmastars.com\/wp-content\/uploads\/2026\/02\/artemis-ii-flight.jpg\",\"contentUrl\":\"https:\/\/lapalmastars.com\/wp-content\/uploads\/2026\/02\/artemis-ii-flight.jpg\",\"width\":1375,\"height\":775},{\"@type\":\"BreadcrumbList\",\"@id\":\"https:\/\/lapalmastars.com\/de\/artemisii-und-die-rueckkehr-zum-mond\/#breadcrumb\",\"itemListElement\":[{\"@type\":\"ListItem\",\"position\":1,\"name\":\"Portada\",\"item\":\"https:\/\/lapalmastars.com\/de\/\"},{\"@type\":\"ListItem\",\"position\":2,\"name\":\"Artemis II und die R\u00fcckkehr zum Mond: Wenn die Raumfahrt wieder inspiriert\"}]},{\"@type\":\"WebSite\",\"@id\":\"https:\/\/lapalmastars.com\/#website\",\"url\":\"https:\/\/lapalmastars.com\/\",\"name\":\"La Palma Astronomy Tours\",\"description\":\"AstroLaPalma, turismo de estrellas\",\"publisher\":{\"@id\":\"https:\/\/lapalmastars.com\/#organization\"},\"potentialAction\":[{\"@type\":\"SearchAction\",\"target\":{\"@type\":\"EntryPoint\",\"urlTemplate\":\"https:\/\/lapalmastars.com\/?s={search_term_string}\"},\"query-input\":{\"@type\":\"PropertyValueSpecification\",\"valueRequired\":true,\"valueName\":\"search_term_string\"}}],\"inLanguage\":\"de\"},{\"@type\":\"Organization\",\"@id\":\"https:\/\/lapalmastars.com\/#organization\",\"name\":\"La Palma Astronomy Tours\",\"url\":\"https:\/\/lapalmastars.com\/\",\"logo\":{\"@type\":\"ImageObject\",\"inLanguage\":\"de\",\"@id\":\"https:\/\/lapalmastars.com\/#\/schema\/logo\/image\/\",\"url\":\"https:\/\/lapalmastars.com\/wp-content\/uploads\/2017\/03\/Logo.jpg\",\"contentUrl\":\"https:\/\/lapalmastars.com\/wp-content\/uploads\/2017\/03\/Logo.jpg\",\"width\":193,\"height\":120,\"caption\":\"La Palma Astronomy Tours\"},\"image\":{\"@id\":\"https:\/\/lapalmastars.com\/#\/schema\/logo\/image\/\"},\"sameAs\":[\"https:\/\/www.facebook.com\/AstroLaPalma\/\",\"https:\/\/x.com\/astrolapalma\",\"https:\/\/www.instagram.com\/lapalmastars\",\"https:\/\/www.youtube.com\/user\/astrolapalma\"]},{\"@type\":\"Person\",\"@id\":\"https:\/\/lapalmastars.com\/#\/schema\/person\/500b32bb5b7ef49ce738dd113050523f\",\"name\":\"Astrolapalma\",\"image\":{\"@type\":\"ImageObject\",\"inLanguage\":\"de\",\"@id\":\"https:\/\/lapalmastars.com\/#\/schema\/person\/image\/\",\"url\":\"https:\/\/secure.gravatar.com\/avatar\/8ec21da49dfc46945a4f96a9d05ad2edcb35702f5da76a918d15140c52746c62?s=96&d=mm&r=g\",\"contentUrl\":\"https:\/\/secure.gravatar.com\/avatar\/8ec21da49dfc46945a4f96a9d05ad2edcb35702f5da76a918d15140c52746c62?s=96&d=mm&r=g\",\"caption\":\"Astrolapalma\"}}]}<\/script>\n<!-- \/ Yoast SEO Premium plugin. -->","yoast_head_json":{"title":"Artemis II und die R\u00fcckkehr zum Mond: Wenn die Raumfahrt wieder inspiriert - AstroLaPalma","description":"Artemis II steht f\u00fcr die R\u00fcckkehr zum Mond. Entdecken Sie die Mission, die Astronauten und die Verbindung zu Astronomie","robots":{"index":"index","follow":"follow","max-snippet":"max-snippet:-1","max-image-preview":"max-image-preview:large","max-video-preview":"max-video-preview:-1"},"canonical":"https:\/\/lapalmastars.com\/de\/artemisii-und-die-rueckkehr-zum-mond\/","og_locale":"de_DE","og_type":"article","og_title":"Artemis II und die R\u00fcckkehr zum Mond: Wenn die Raumfahrt wieder inspiriert","og_description":"Artemis II steht f\u00fcr die R\u00fcckkehr zum Mond. Entdecken Sie die Mission, die Astronauten und die Verbindung zu Astronomie","og_url":"https:\/\/lapalmastars.com\/de\/artemisii-und-die-rueckkehr-zum-mond\/","og_site_name":"AstroLaPalma","article_publisher":"https:\/\/www.facebook.com\/AstroLaPalma\/","article_published_time":"2026-02-09T15:49:04+00:00","og_image":[{"width":1375,"height":775,"url":"https:\/\/lapalmastars.com\/wp-content\/uploads\/2026\/02\/artemis-ii-flight.jpg","type":"image\/jpeg"}],"author":"Astrolapalma","twitter_card":"summary_large_image","twitter_creator":"@astrolapalma","twitter_site":"@astrolapalma","twitter_misc":{"Verfasst von":"Astrolapalma","Gesch\u00e4tzte Lesezeit":"4\u00a0Minuten"},"schema":{"@context":"https:\/\/schema.org","@graph":[{"@type":"Article","@id":"https:\/\/lapalmastars.com\/de\/artemisii-und-die-rueckkehr-zum-mond\/#article","isPartOf":{"@id":"https:\/\/lapalmastars.com\/de\/artemisii-und-die-rueckkehr-zum-mond\/"},"author":{"name":"Astrolapalma","@id":"https:\/\/lapalmastars.com\/#\/schema\/person\/500b32bb5b7ef49ce738dd113050523f"},"headline":"Artemis II und die R\u00fcckkehr zum Mond: Wenn die Raumfahrt wieder inspiriert","datePublished":"2026-02-09T15:49:04+00:00","mainEntityOfPage":{"@id":"https:\/\/lapalmastars.com\/de\/artemisii-und-die-rueckkehr-zum-mond\/"},"wordCount":703,"publisher":{"@id":"https:\/\/lapalmastars.com\/#organization"},"image":{"@id":"https:\/\/lapalmastars.com\/de\/artemisii-und-die-rueckkehr-zum-mond\/#primaryimage"},"thumbnailUrl":"https:\/\/lapalmastars.com\/wp-content\/uploads\/2026\/02\/artemis-ii-flight.jpg","articleSection":["Neuigkeiten"],"inLanguage":"de"},{"@type":"WebPage","@id":"https:\/\/lapalmastars.com\/de\/artemisii-und-die-rueckkehr-zum-mond\/","url":"https:\/\/lapalmastars.com\/de\/artemisii-und-die-rueckkehr-zum-mond\/","name":"Artemis II und die R\u00fcckkehr zum Mond: Wenn die Raumfahrt wieder inspiriert - AstroLaPalma","isPartOf":{"@id":"https:\/\/lapalmastars.com\/#website"},"primaryImageOfPage":{"@id":"https:\/\/lapalmastars.com\/de\/artemisii-und-die-rueckkehr-zum-mond\/#primaryimage"},"image":{"@id":"https:\/\/lapalmastars.com\/de\/artemisii-und-die-rueckkehr-zum-mond\/#primaryimage"},"thumbnailUrl":"https:\/\/lapalmastars.com\/wp-content\/uploads\/2026\/02\/artemis-ii-flight.jpg","datePublished":"2026-02-09T15:49:04+00:00","description":"Artemis II steht f\u00fcr die R\u00fcckkehr zum Mond. Entdecken Sie die Mission, die Astronauten und die Verbindung zu Astronomie","breadcrumb":{"@id":"https:\/\/lapalmastars.com\/de\/artemisii-und-die-rueckkehr-zum-mond\/#breadcrumb"},"inLanguage":"de","potentialAction":[{"@type":"ReadAction","target":["https:\/\/lapalmastars.com\/de\/artemisii-und-die-rueckkehr-zum-mond\/"]}]},{"@type":"ImageObject","inLanguage":"de","@id":"https:\/\/lapalmastars.com\/de\/artemisii-und-die-rueckkehr-zum-mond\/#primaryimage","url":"https:\/\/lapalmastars.com\/wp-content\/uploads\/2026\/02\/artemis-ii-flight.jpg","contentUrl":"https:\/\/lapalmastars.com\/wp-content\/uploads\/2026\/02\/artemis-ii-flight.jpg","width":1375,"height":775},{"@type":"BreadcrumbList","@id":"https:\/\/lapalmastars.com\/de\/artemisii-und-die-rueckkehr-zum-mond\/#breadcrumb","itemListElement":[{"@type":"ListItem","position":1,"name":"Portada","item":"https:\/\/lapalmastars.com\/de\/"},{"@type":"ListItem","position":2,"name":"Artemis II und die R\u00fcckkehr zum Mond: Wenn die Raumfahrt wieder inspiriert"}]},{"@type":"WebSite","@id":"https:\/\/lapalmastars.com\/#website","url":"https:\/\/lapalmastars.com\/","name":"La Palma Astronomy Tours","description":"AstroLaPalma, turismo de estrellas","publisher":{"@id":"https:\/\/lapalmastars.com\/#organization"},"potentialAction":[{"@type":"SearchAction","target":{"@type":"EntryPoint","urlTemplate":"https:\/\/lapalmastars.com\/?s={search_term_string}"},"query-input":{"@type":"PropertyValueSpecification","valueRequired":true,"valueName":"search_term_string"}}],"inLanguage":"de"},{"@type":"Organization","@id":"https:\/\/lapalmastars.com\/#organization","name":"La Palma Astronomy Tours","url":"https:\/\/lapalmastars.com\/","logo":{"@type":"ImageObject","inLanguage":"de","@id":"https:\/\/lapalmastars.com\/#\/schema\/logo\/image\/","url":"https:\/\/lapalmastars.com\/wp-content\/uploads\/2017\/03\/Logo.jpg","contentUrl":"https:\/\/lapalmastars.com\/wp-content\/uploads\/2017\/03\/Logo.jpg","width":193,"height":120,"caption":"La Palma Astronomy Tours"},"image":{"@id":"https:\/\/lapalmastars.com\/#\/schema\/logo\/image\/"},"sameAs":["https:\/\/www.facebook.com\/AstroLaPalma\/","https:\/\/x.com\/astrolapalma","https:\/\/www.instagram.com\/lapalmastars","https:\/\/www.youtube.com\/user\/astrolapalma"]},{"@type":"Person","@id":"https:\/\/lapalmastars.com\/#\/schema\/person\/500b32bb5b7ef49ce738dd113050523f","name":"Astrolapalma","image":{"@type":"ImageObject","inLanguage":"de","@id":"https:\/\/lapalmastars.com\/#\/schema\/person\/image\/","url":"https:\/\/secure.gravatar.com\/avatar\/8ec21da49dfc46945a4f96a9d05ad2edcb35702f5da76a918d15140c52746c62?s=96&d=mm&r=g","contentUrl":"https:\/\/secure.gravatar.com\/avatar\/8ec21da49dfc46945a4f96a9d05ad2edcb35702f5da76a918d15140c52746c62?s=96&d=mm&r=g","caption":"Astrolapalma"}}]}},"_links":{"self":[{"href":"https:\/\/lapalmastars.com\/de\/wp-json\/wp\/v2\/posts\/6946","targetHints":{"allow":["GET"]}}],"collection":[{"href":"https:\/\/lapalmastars.com\/de\/wp-json\/wp\/v2\/posts"}],"about":[{"href":"https:\/\/lapalmastars.com\/de\/wp-json\/wp\/v2\/types\/post"}],"author":[{"embeddable":true,"href":"https:\/\/lapalmastars.com\/de\/wp-json\/wp\/v2\/users\/4"}],"replies":[{"embeddable":true,"href":"https:\/\/lapalmastars.com\/de\/wp-json\/wp\/v2\/comments?post=6946"}],"version-history":[{"count":3,"href":"https:\/\/lapalmastars.com\/de\/wp-json\/wp\/v2\/posts\/6946\/revisions"}],"predecessor-version":[{"id":6965,"href":"https:\/\/lapalmastars.com\/de\/wp-json\/wp\/v2\/posts\/6946\/revisions\/6965"}],"wp:featuredmedia":[{"embeddable":true,"href":"https:\/\/lapalmastars.com\/de\/wp-json\/wp\/v2\/media\/6947"}],"wp:attachment":[{"href":"https:\/\/lapalmastars.com\/de\/wp-json\/wp\/v2\/media?parent=6946"}],"wp:term":[{"taxonomy":"category","embeddable":true,"href":"https:\/\/lapalmastars.com\/de\/wp-json\/wp\/v2\/categories?post=6946"},{"taxonomy":"post_tag","embeddable":true,"href":"https:\/\/lapalmastars.com\/de\/wp-json\/wp\/v2\/tags?post=6946"}],"curies":[{"name":"wp","href":"https:\/\/api.w.org\/{rel}","templated":true}]}}